{"id":5047,"date":"2021-04-20T22:09:52","date_gmt":"2021-04-20T20:09:52","guid":{"rendered":"https:\/\/www.differences-solidaires.ch\/?p=5047"},"modified":"2021-04-20T22:09:52","modified_gmt":"2021-04-20T20:09:52","slug":"lo-snow-kart","status":"publish","type":"post","link":"https:\/\/www.differences-solidaires.ch\/it\/lo-snow-kart\/","title":{"rendered":"Lo Snow Kart"},"content":{"rendered":"<p>Lo Snow Kart \u00e8 un dispositivo appositamente progettato per le persone autonome con mobilit\u00e0 ridotta che hanno una buona mobilit\u00e0 della parte superiore del corpo ma scarso equilibrio. Il passeggero \u00e8 installato in un guscio fissato su due sci articolati. Controlla i movimenti della macchina con l&#8217;aiuto di due barre di guida situate su entrambi i lati della macchina. Con questo equipaggiamento adattato, \u00e8 possibile sciare su molte piste, purch\u00e9 non abbiano pendenze significative o non siano troppo ripide. L&#8217;uso degli impianti di risalita (seggiovie e traverse) \u00e8 possibile. L&#8217;accompagnatore \u00e8 sui propri sci.<\/p>\n<p>Vedi il nostro opuscolo di presentazione &#8220;Attivit\u00e0&#8221; nella pagina <a href=\"https:\/\/www.differences-solidaires.ch\/it\/documentazione\/\" target=\"_blank\" rel=\"noopener\">Documentazione<\/a><\/p>\n","protected":false},"excerpt":{"rendered":"<p>Lo Snow Kart \u00e8 un dispositivo appositamente progettato per le persone autonome con mobilit\u00e0 ridotta che hanno una buona mobilit\u00e0&hellip;<\/p>\n","protected":false},"author":20,"featured_media":0,"comment_status":"open","ping_status":"open","sticky":false,"template":"","format":"standard","meta":{"_acf_changed":false,"pgc_meta":"","footnotes":""},"categories":[178],"tags":[],"class_list":["post-5047","post","type-post","status-publish","format-standard","hentry","category-scivolo-e-racchette-da-neve"],"acf":[],"yoast_head":"<!-- This site is optimized with the Yoast SEO plugin v24.5 - https:\/\/yoast.com\/wordpress\/plugins\/seo\/ -->\n<title>Lo Snow Kart - Association Diff\u00e9rences Solidaires<\/title>\n<meta name=\"robots\" content=\"index, follow, max-snippet:-1, max-image-preview:large, max-video-preview:-1\" \/>\n<link rel=\"canonical\" href=\"https:\/\/www.differences-solidaires.ch\/it\/lo-snow-kart\/\" \/>\n<meta property=\"og:locale\" content=\"it_IT\" \/>\n<meta property=\"og:type\" content=\"article\" \/>\n<meta property=\"og:title\" content=\"Lo Snow Kart - Association Diff\u00e9rences Solidaires\" \/>\n<meta property=\"og:description\" content=\"Lo Snow Kart \u00e8 un dispositivo appositamente progettato per le persone autonome con mobilit\u00e0 ridotta che hanno una buona mobilit\u00e0&hellip;\" \/>\n<meta property=\"og:url\" content=\"https:\/\/www.differences-solidaires.ch\/it\/lo-snow-kart\/\" \/>\n<meta property=\"og:site_name\" content=\"Association Diff\u00e9rences Solidaires\" \/>\n<meta property=\"article:published_time\" content=\"2021-04-20T20:09:52+00:00\" \/>\n<meta name=\"author\" content=\"Alain Bigey\" \/>\n<meta name=\"twitter:card\" content=\"summary_large_image\" \/>\n<meta name=\"twitter:label1\" content=\"Scritto da\" \/>\n\t<meta name=\"twitter:data1\" content=\"Alain Bigey\" \/>\n\t<meta name=\"twitter:label2\" content=\"Tempo di lettura stimato\" \/>\n\t<meta name=\"twitter:data2\" content=\"1 minuto\" \/>\n<script type=\"application\/ld+json\" class=\"yoast-schema-graph\">{\"@context\":\"https:\/\/schema.org\",\"@graph\":[{\"@type\":\"WebPage\",\"@id\":\"https:\/\/www.differences-solidaires.ch\/it\/lo-snow-kart\/\",\"url\":\"https:\/\/www.differences-solidaires.ch\/it\/lo-snow-kart\/\",\"name\":\"Lo Snow Kart - Association Diff\u00e9rences Solidaires\",\"isPartOf\":{\"@id\":\"https:\/\/www.differences-solidaires.ch\/it\/#website\"},\"datePublished\":\"2021-04-20T20:09:52+00:00\",\"author\":{\"@id\":\"https:\/\/www.differences-solidaires.ch\/it\/#\/schema\/person\/3dd6b528998276390000be851bd02cc7\"},\"breadcrumb\":{\"@id\":\"https:\/\/www.differences-solidaires.ch\/it\/lo-snow-kart\/#breadcrumb\"},\"inLanguage\":\"it-IT\",\"potentialAction\":[{\"@type\":\"ReadAction\",\"target\":[\"https:\/\/www.differences-solidaires.ch\/it\/lo-snow-kart\/\"]}]},{\"@type\":\"BreadcrumbList\",\"@id\":\"https:\/\/www.differences-solidaires.ch\/it\/lo-snow-kart\/#breadcrumb\",\"itemListElement\":[{\"@type\":\"ListItem\",\"position\":1,\"name\":\"Accueil\",\"item\":\"https:\/\/www.differences-solidaires.ch\/it\/\"},{\"@type\":\"ListItem\",\"position\":2,\"name\":\"Lo Snow Kart\"}]},{\"@type\":\"WebSite\",\"@id\":\"https:\/\/www.differences-solidaires.ch\/it\/#website\",\"url\":\"https:\/\/www.differences-solidaires.ch\/it\/\",\"name\":\"Association Diff\u00e9rences Solidaires\",\"description\":\"Activit\u00e9s sportives adapt\u00e9es\",\"potentialAction\":[{\"@type\":\"SearchAction\",\"target\":{\"@type\":\"EntryPoint\",\"urlTemplate\":\"https:\/\/www.differences-solidaires.ch\/it\/?s={search_term_string}\"},\"query-input\":{\"@type\":\"PropertyValueSpecification\",\"valueRequired\":true,\"valueName\":\"search_term_string\"}}],\"inLanguage\":\"it-IT\"},{\"@type\":\"Person\",\"@id\":\"https:\/\/www.differences-solidaires.ch\/it\/#\/schema\/person\/3dd6b528998276390000be851bd02cc7\",\"name\":\"Alain Bigey\",\"url\":\"https:\/\/www.differences-solidaires.ch\/it\/author\/difsolmin\/\"}]}<\/script>\n<!-- \/ Yoast SEO plugin. -->","yoast_head_json":{"title":"Lo Snow Kart - Association Diff\u00e9rences Solidaires","robots":{"index":"index","follow":"follow","max-snippet":"max-snippet:-1","max-image-preview":"max-image-preview:large","max-video-preview":"max-video-preview:-1"},"canonical":"https:\/\/www.differences-solidaires.ch\/it\/lo-snow-kart\/","og_locale":"it_IT","og_type":"article","og_title":"Lo Snow Kart - Association Diff\u00e9rences Solidaires","og_description":"Lo Snow Kart \u00e8 un dispositivo appositamente progettato per le persone autonome con mobilit\u00e0 ridotta che hanno una buona mobilit\u00e0&hellip;","og_url":"https:\/\/www.differences-solidaires.ch\/it\/lo-snow-kart\/","og_site_name":"Association Diff\u00e9rences Solidaires","article_published_time":"2021-04-20T20:09:52+00:00","author":"Alain Bigey","twitter_card":"summary_large_image","twitter_misc":{"Scritto da":"Alain Bigey","Tempo di lettura stimato":"1 minuto"},"schema":{"@context":"https:\/\/schema.org","@graph":[{"@type":"WebPage","@id":"https:\/\/www.differences-solidaires.ch\/it\/lo-snow-kart\/","url":"https:\/\/www.differences-solidaires.ch\/it\/lo-snow-kart\/","name":"Lo Snow Kart - Association Diff\u00e9rences Solidaires","isPartOf":{"@id":"https:\/\/www.differences-solidaires.ch\/it\/#website"},"datePublished":"2021-04-20T20:09:52+00:00","author":{"@id":"https:\/\/www.differences-solidaires.ch\/it\/#\/schema\/person\/3dd6b528998276390000be851bd02cc7"},"breadcrumb":{"@id":"https:\/\/www.differences-solidaires.ch\/it\/lo-snow-kart\/#breadcrumb"},"inLanguage":"it-IT","potentialAction":[{"@type":"ReadAction","target":["https:\/\/www.differences-solidaires.ch\/it\/lo-snow-kart\/"]}]},{"@type":"BreadcrumbList","@id":"https:\/\/www.differences-solidaires.ch\/it\/lo-snow-kart\/#breadcrumb","itemListElement":[{"@type":"ListItem","position":1,"name":"Accueil","item":"https:\/\/www.differences-solidaires.ch\/it\/"},{"@type":"ListItem","position":2,"name":"Lo Snow Kart"}]},{"@type":"WebSite","@id":"https:\/\/www.differences-solidaires.ch\/it\/#website","url":"https:\/\/www.differences-solidaires.ch\/it\/","name":"Association Diff\u00e9rences Solidaires","description":"Activit\u00e9s sportives adapt\u00e9es","potentialAction":[{"@type":"SearchAction","target":{"@type":"EntryPoint","urlTemplate":"https:\/\/www.differences-solidaires.ch\/it\/?s={search_term_string}"},"query-input":{"@type":"PropertyValueSpecification","valueRequired":true,"valueName":"search_term_string"}}],"inLanguage":"it-IT"},{"@type":"Person","@id":"https:\/\/www.differences-solidaires.ch\/it\/#\/schema\/person\/3dd6b528998276390000be851bd02cc7","name":"Alain Bigey","url":"https:\/\/www.differences-solidaires.ch\/it\/author\/difsolmin\/"}]}},"_links":{"self":[{"href":"https:\/\/www.differences-solidaires.ch\/it\/wp-json\/wp\/v2\/posts\/5047","targetHints":{"allow":["GET"]}}],"collection":[{"href":"https:\/\/www.differences-solidaires.ch\/it\/wp-json\/wp\/v2\/posts"}],"about":[{"href":"https:\/\/www.differences-solidaires.ch\/it\/wp-json\/wp\/v2\/types\/post"}],"author":[{"embeddable":true,"href":"https:\/\/www.differences-solidaires.ch\/it\/wp-json\/wp\/v2\/users\/20"}],"replies":[{"embeddable":true,"href":"https:\/\/www.differences-solidaires.ch\/it\/wp-json\/wp\/v2\/comments?post=5047"}],"version-history":[{"count":1,"href":"https:\/\/www.differences-solidaires.ch\/it\/wp-json\/wp\/v2\/posts\/5047\/revisions"}],"predecessor-version":[{"id":5048,"href":"https:\/\/www.differences-solidaires.ch\/it\/wp-json\/wp\/v2\/posts\/5047\/revisions\/5048"}],"wp:attachment":[{"href":"https:\/\/www.differences-solidaires.ch\/it\/wp-json\/wp\/v2\/media?parent=5047"}],"wp:term":[{"taxonomy":"category","embeddable":true,"href":"https:\/\/www.differences-solidaires.ch\/it\/wp-json\/wp\/v2\/categories?post=5047"},{"taxonomy":"post_tag","embeddable":true,"href":"https:\/\/www.differences-solidaires.ch\/it\/wp-json\/wp\/v2\/tags?post=5047"}],"curies":[{"name":"wp","href":"https:\/\/api.w.org\/{rel}","templated":true}]}}