{"id":3176,"date":"2021-03-19T15:26:28","date_gmt":"2021-03-19T14:26:28","guid":{"rendered":"https:\/\/www.differences-solidaires.ch\/?p=3176"},"modified":"2021-03-19T15:26:28","modified_gmt":"2021-03-19T14:26:28","slug":"zip-line-adattata","status":"publish","type":"post","link":"https:\/\/www.differences-solidaires.ch\/it\/zip-line-adattata\/","title":{"rendered":"Zip line adattata"},"content":{"rendered":"<p>La nostra traversata tirolese adattata \u00e8 appositamente progettata per le istituzioni e le organizzazioni che desiderano offrire una nuova attivit\u00e0 durante i loro eventi.<\/p>\n<p>Composto da una struttura mobile, \u00e8 anche dotato di un sedile che permette alle persone con mobilit\u00e0 ridotta di scoprire le gioie di scendere il cavo.<\/p>\n<p>Una variante \u00e8 possibile senza discesa e permette la realizzazione di vari giochi di equilibrio per i quali i partecipanti sono assicurati per mezzo di una carrucola attaccata al cavo della tyrolienne. Entrambe le versioni sono disponibili allo stesso tempo.<\/p>\n<p>Vedi la nostra brochure di presentazione &#8220;Alla ricerca dell&#8217;equilibrio&#8221; sulla pagina della documentazione<\/p>\n","protected":false},"excerpt":{"rendered":"<p>La nostra traversata tirolese adattata \u00e8 appositamente progettata per le istituzioni e le organizzazioni che desiderano offrire una nuova attivit\u00e0&hellip;<\/p>\n","protected":false},"author":20,"featured_media":3177,"comment_status":"closed","ping_status":"open","sticky":false,"template":"","format":"standard","meta":{"_acf_changed":false,"pgc_meta":"","footnotes":""},"categories":[51],"tags":[],"class_list":["post-3176","post","type-post","status-publish","format-standard","has-post-thumbnail","hentry","category-non-categorizzato"],"acf":[],"yoast_head":"<!-- This site is optimized with the Yoast SEO plugin v24.5 - https:\/\/yoast.com\/wordpress\/plugins\/seo\/ -->\n<title>Zip line adattata - Association Diff\u00e9rences Solidaires<\/title>\n<meta name=\"robots\" content=\"index, follow, max-snippet:-1, max-image-preview:large, max-video-preview:-1\" \/>\n<link rel=\"canonical\" href=\"https:\/\/www.differences-solidaires.ch\/it\/zip-line-adattata\/\" \/>\n<meta property=\"og:locale\" content=\"it_IT\" \/>\n<meta property=\"og:type\" content=\"article\" \/>\n<meta property=\"og:title\" content=\"Zip line adattata - Association Diff\u00e9rences Solidaires\" \/>\n<meta property=\"og:description\" content=\"La nostra traversata tirolese adattata \u00e8 appositamente progettata per le istituzioni e le organizzazioni che desiderano offrire una nuova attivit\u00e0&hellip;\" \/>\n<meta property=\"og:url\" content=\"https:\/\/www.differences-solidaires.ch\/it\/zip-line-adattata\/\" \/>\n<meta property=\"og:site_name\" content=\"Association Diff\u00e9rences Solidaires\" \/>\n<meta property=\"article:published_time\" content=\"2021-03-19T14:26:28+00:00\" \/>\n<meta property=\"og:image\" content=\"https:\/\/www.differences-solidaires.ch\/wp-content\/uploads\/2017\/11\/Sans-titre-1.png\" \/>\n\t<meta property=\"og:image:width\" content=\"590\" \/>\n\t<meta property=\"og:image:height\" content=\"413\" \/>\n\t<meta property=\"og:image:type\" content=\"image\/png\" \/>\n<meta name=\"author\" content=\"Alain Bigey\" \/>\n<meta name=\"twitter:card\" content=\"summary_large_image\" \/>\n<meta name=\"twitter:label1\" content=\"Scritto da\" \/>\n\t<meta name=\"twitter:data1\" content=\"Alain Bigey\" \/>\n\t<meta name=\"twitter:label2\" content=\"Tempo di lettura stimato\" \/>\n\t<meta name=\"twitter:data2\" content=\"1 minuto\" \/>\n<script type=\"application\/ld+json\" class=\"yoast-schema-graph\">{\"@context\":\"https:\/\/schema.org\",\"@graph\":[{\"@type\":\"WebPage\",\"@id\":\"https:\/\/www.differences-solidaires.ch\/it\/zip-line-adattata\/\",\"url\":\"https:\/\/www.differences-solidaires.ch\/it\/zip-line-adattata\/\",\"name\":\"Zip line adattata - Association Diff\u00e9rences Solidaires\",\"isPartOf\":{\"@id\":\"https:\/\/www.differences-solidaires.ch\/it\/#website\"},\"primaryImageOfPage\":{\"@id\":\"https:\/\/www.differences-solidaires.ch\/it\/zip-line-adattata\/#primaryimage\"},\"image\":{\"@id\":\"https:\/\/www.differences-solidaires.ch\/it\/zip-line-adattata\/#primaryimage\"},\"thumbnailUrl\":\"https:\/\/www.differences-solidaires.ch\/wp-content\/uploads\/2017\/11\/Sans-titre-1.png\",\"datePublished\":\"2021-03-19T14:26:28+00:00\",\"author\":{\"@id\":\"https:\/\/www.differences-solidaires.ch\/it\/#\/schema\/person\/3dd6b528998276390000be851bd02cc7\"},\"breadcrumb\":{\"@id\":\"https:\/\/www.differences-solidaires.ch\/it\/zip-line-adattata\/#breadcrumb\"},\"inLanguage\":\"it-IT\",\"potentialAction\":[{\"@type\":\"ReadAction\",\"target\":[\"https:\/\/www.differences-solidaires.ch\/it\/zip-line-adattata\/\"]}]},{\"@type\":\"ImageObject\",\"inLanguage\":\"it-IT\",\"@id\":\"https:\/\/www.differences-solidaires.ch\/it\/zip-line-adattata\/#primaryimage\",\"url\":\"https:\/\/www.differences-solidaires.ch\/wp-content\/uploads\/2017\/11\/Sans-titre-1.png\",\"contentUrl\":\"https:\/\/www.differences-solidaires.ch\/wp-content\/uploads\/2017\/11\/Sans-titre-1.png\",\"width\":590,\"height\":413},{\"@type\":\"BreadcrumbList\",\"@id\":\"https:\/\/www.differences-solidaires.ch\/it\/zip-line-adattata\/#breadcrumb\",\"itemListElement\":[{\"@type\":\"ListItem\",\"position\":1,\"name\":\"Accueil\",\"item\":\"https:\/\/www.differences-solidaires.ch\/it\/\"},{\"@type\":\"ListItem\",\"position\":2,\"name\":\"Zip line adattata\"}]},{\"@type\":\"WebSite\",\"@id\":\"https:\/\/www.differences-solidaires.ch\/it\/#website\",\"url\":\"https:\/\/www.differences-solidaires.ch\/it\/\",\"name\":\"Association Diff\u00e9rences Solidaires\",\"description\":\"Activit\u00e9s sportives adapt\u00e9es\",\"potentialAction\":[{\"@type\":\"SearchAction\",\"target\":{\"@type\":\"EntryPoint\",\"urlTemplate\":\"https:\/\/www.differences-solidaires.ch\/it\/?s={search_term_string}\"},\"query-input\":{\"@type\":\"PropertyValueSpecification\",\"valueRequired\":true,\"valueName\":\"search_term_string\"}}],\"inLanguage\":\"it-IT\"},{\"@type\":\"Person\",\"@id\":\"https:\/\/www.differences-solidaires.ch\/it\/#\/schema\/person\/3dd6b528998276390000be851bd02cc7\",\"name\":\"Alain Bigey\",\"url\":\"https:\/\/www.differences-solidaires.ch\/it\/author\/difsolmin\/\"}]}<\/script>\n<!-- \/ Yoast SEO plugin. -->","yoast_head_json":{"title":"Zip line adattata - Association Diff\u00e9rences Solidaires","robots":{"index":"index","follow":"follow","max-snippet":"max-snippet:-1","max-image-preview":"max-image-preview:large","max-video-preview":"max-video-preview:-1"},"canonical":"https:\/\/www.differences-solidaires.ch\/it\/zip-line-adattata\/","og_locale":"it_IT","og_type":"article","og_title":"Zip line adattata - Association Diff\u00e9rences Solidaires","og_description":"La nostra traversata tirolese adattata \u00e8 appositamente progettata per le istituzioni e le organizzazioni che desiderano offrire una nuova attivit\u00e0&hellip;","og_url":"https:\/\/www.differences-solidaires.ch\/it\/zip-line-adattata\/","og_site_name":"Association Diff\u00e9rences Solidaires","article_published_time":"2021-03-19T14:26:28+00:00","og_image":[{"width":590,"height":413,"url":"https:\/\/www.differences-solidaires.ch\/wp-content\/uploads\/2017\/11\/Sans-titre-1.png","type":"image\/png"}],"author":"Alain Bigey","twitter_card":"summary_large_image","twitter_misc":{"Scritto da":"Alain Bigey","Tempo di lettura stimato":"1 minuto"},"schema":{"@context":"https:\/\/schema.org","@graph":[{"@type":"WebPage","@id":"https:\/\/www.differences-solidaires.ch\/it\/zip-line-adattata\/","url":"https:\/\/www.differences-solidaires.ch\/it\/zip-line-adattata\/","name":"Zip line adattata - Association Diff\u00e9rences Solidaires","isPartOf":{"@id":"https:\/\/www.differences-solidaires.ch\/it\/#website"},"primaryImageOfPage":{"@id":"https:\/\/www.differences-solidaires.ch\/it\/zip-line-adattata\/#primaryimage"},"image":{"@id":"https:\/\/www.differences-solidaires.ch\/it\/zip-line-adattata\/#primaryimage"},"thumbnailUrl":"https:\/\/www.differences-solidaires.ch\/wp-content\/uploads\/2017\/11\/Sans-titre-1.png","datePublished":"2021-03-19T14:26:28+00:00","author":{"@id":"https:\/\/www.differences-solidaires.ch\/it\/#\/schema\/person\/3dd6b528998276390000be851bd02cc7"},"breadcrumb":{"@id":"https:\/\/www.differences-solidaires.ch\/it\/zip-line-adattata\/#breadcrumb"},"inLanguage":"it-IT","potentialAction":[{"@type":"ReadAction","target":["https:\/\/www.differences-solidaires.ch\/it\/zip-line-adattata\/"]}]},{"@type":"ImageObject","inLanguage":"it-IT","@id":"https:\/\/www.differences-solidaires.ch\/it\/zip-line-adattata\/#primaryimage","url":"https:\/\/www.differences-solidaires.ch\/wp-content\/uploads\/2017\/11\/Sans-titre-1.png","contentUrl":"https:\/\/www.differences-solidaires.ch\/wp-content\/uploads\/2017\/11\/Sans-titre-1.png","width":590,"height":413},{"@type":"BreadcrumbList","@id":"https:\/\/www.differences-solidaires.ch\/it\/zip-line-adattata\/#breadcrumb","itemListElement":[{"@type":"ListItem","position":1,"name":"Accueil","item":"https:\/\/www.differences-solidaires.ch\/it\/"},{"@type":"ListItem","position":2,"name":"Zip line adattata"}]},{"@type":"WebSite","@id":"https:\/\/www.differences-solidaires.ch\/it\/#website","url":"https:\/\/www.differences-solidaires.ch\/it\/","name":"Association Diff\u00e9rences Solidaires","description":"Activit\u00e9s sportives adapt\u00e9es","potentialAction":[{"@type":"SearchAction","target":{"@type":"EntryPoint","urlTemplate":"https:\/\/www.differences-solidaires.ch\/it\/?s={search_term_string}"},"query-input":{"@type":"PropertyValueSpecification","valueRequired":true,"valueName":"search_term_string"}}],"inLanguage":"it-IT"},{"@type":"Person","@id":"https:\/\/www.differences-solidaires.ch\/it\/#\/schema\/person\/3dd6b528998276390000be851bd02cc7","name":"Alain Bigey","url":"https:\/\/www.differences-solidaires.ch\/it\/author\/difsolmin\/"}]}},"_links":{"self":[{"href":"https:\/\/www.differences-solidaires.ch\/it\/wp-json\/wp\/v2\/posts\/3176","targetHints":{"allow":["GET"]}}],"collection":[{"href":"https:\/\/www.differences-solidaires.ch\/it\/wp-json\/wp\/v2\/posts"}],"about":[{"href":"https:\/\/www.differences-solidaires.ch\/it\/wp-json\/wp\/v2\/types\/post"}],"author":[{"embeddable":true,"href":"https:\/\/www.differences-solidaires.ch\/it\/wp-json\/wp\/v2\/users\/20"}],"replies":[{"embeddable":true,"href":"https:\/\/www.differences-solidaires.ch\/it\/wp-json\/wp\/v2\/comments?post=3176"}],"version-history":[{"count":1,"href":"https:\/\/www.differences-solidaires.ch\/it\/wp-json\/wp\/v2\/posts\/3176\/revisions"}],"predecessor-version":[{"id":3178,"href":"https:\/\/www.differences-solidaires.ch\/it\/wp-json\/wp\/v2\/posts\/3176\/revisions\/3178"}],"wp:featuredmedia":[{"embeddable":true,"href":"https:\/\/www.differences-solidaires.ch\/it\/wp-json\/wp\/v2\/media\/3177"}],"wp:attachment":[{"href":"https:\/\/www.differences-solidaires.ch\/it\/wp-json\/wp\/v2\/media?parent=3176"}],"wp:term":[{"taxonomy":"category","embeddable":true,"href":"https:\/\/www.differences-solidaires.ch\/it\/wp-json\/wp\/v2\/categories?post=3176"},{"taxonomy":"post_tag","embeddable":true,"href":"https:\/\/www.differences-solidaires.ch\/it\/wp-json\/wp\/v2\/tags?post=3176"}],"curies":[{"name":"wp","href":"https:\/\/api.w.org\/{rel}","templated":true}]}}