{"id":6496,"date":"2022-10-15T22:25:02","date_gmt":"2022-10-15T20:25:02","guid":{"rendered":"https:\/\/www.differences-solidaires.ch\/?p=6496"},"modified":"2022-10-15T22:25:02","modified_gmt":"2022-10-15T20:25:02","slug":"start-der-skisaison-steht-unmittelbar-bevor","status":"publish","type":"post","link":"https:\/\/www.differences-solidaires.ch\/de\/start-der-skisaison-steht-unmittelbar-bevor\/","title":{"rendered":"Start der Skisaison steht unmittelbar bevor"},"content":{"rendered":"<p>Es sind nur noch zwei Monate bis zum Start der Skisaison. Diff\u00e9rences Solidaires bereitet sich bereits auf das neue Winterabenteuer vor. Auf dem Programm stehen dieses Jahr alle \u00fcblichen Aktivit\u00e4ten, n\u00e4mlich:<br \/>\nDualski<br \/>\nTandemski<br \/>\nSnowcart<br \/>\nUniski<br \/>\nGoToSki<br \/>\nStehender Ski<\/p>\n<p>Wir sind auch zuversichtlich, dass wir mit dem Tetraski beginnen k\u00f6nnen. Diese neue Aktivit\u00e4t wird es Menschen mit schweren Behinderungen erm\u00f6glichen, ihr Skiger\u00e4t selbst zu steuern. <\/p>\n<p>Der H\u00f6hepunkt dieser Saison wird wahrscheinlich unser Familienskilager sein, das w\u00e4hrend der Ferien im Kanton Waadt zwischen V\u00e9troz und Thyon-Les Collons stattfinden wird.<\/p>\n<p>\u00dcbersetzt mit www.DeepL.com\/Translator (kostenlose Version)<\/p>\n","protected":false},"excerpt":{"rendered":"<p>Es sind nur noch zwei Monate bis zum Start der Skisaison. Diff\u00e9rences Solidaires bereitet sich bereits auf das neue Winterabenteuer&hellip;<\/p>\n","protected":false},"author":20,"featured_media":6490,"comment_status":"closed","ping_status":"closed","sticky":false,"template":"","format":"standard","meta":{"_acf_changed":false,"pgc_meta":"","footnotes":""},"categories":[49],"tags":[],"class_list":["post-6496","post","type-post","status-publish","format-standard","has-post-thumbnail","hentry","category-unkategorisiert"],"acf":[],"yoast_head":"<!-- This site is optimized with the Yoast SEO plugin v24.5 - https:\/\/yoast.com\/wordpress\/plugins\/seo\/ -->\n<title>Start der Skisaison steht unmittelbar bevor - Association Diff\u00e9rences Solidaires<\/title>\n<meta name=\"robots\" content=\"index, follow, max-snippet:-1, max-image-preview:large, max-video-preview:-1\" \/>\n<link rel=\"canonical\" href=\"https:\/\/www.differences-solidaires.ch\/de\/start-der-skisaison-steht-unmittelbar-bevor\/\" \/>\n<meta property=\"og:locale\" content=\"de_DE\" \/>\n<meta property=\"og:type\" content=\"article\" \/>\n<meta property=\"og:title\" content=\"Start der Skisaison steht unmittelbar bevor - Association Diff\u00e9rences Solidaires\" \/>\n<meta property=\"og:description\" content=\"Es sind nur noch zwei Monate bis zum Start der Skisaison. Diff\u00e9rences Solidaires bereitet sich bereits auf das neue Winterabenteuer&hellip;\" \/>\n<meta property=\"og:url\" content=\"https:\/\/www.differences-solidaires.ch\/de\/start-der-skisaison-steht-unmittelbar-bevor\/\" \/>\n<meta property=\"og:site_name\" content=\"Association Diff\u00e9rences Solidaires\" \/>\n<meta property=\"article:published_time\" content=\"2022-10-15T20:25:02+00:00\" \/>\n<meta property=\"og:image\" content=\"https:\/\/www.differences-solidaires.ch\/wp-content\/uploads\/2022\/10\/tetrask-_comblouxi-scaled.jpg\" \/>\n\t<meta property=\"og:image:width\" content=\"2560\" \/>\n\t<meta property=\"og:image:height\" content=\"1920\" \/>\n\t<meta property=\"og:image:type\" content=\"image\/jpeg\" \/>\n<meta name=\"author\" content=\"Alain Bigey\" \/>\n<meta name=\"twitter:card\" content=\"summary_large_image\" \/>\n<meta name=\"twitter:label1\" content=\"Verfasst von\" \/>\n\t<meta name=\"twitter:data1\" content=\"Alain Bigey\" \/>\n\t<meta name=\"twitter:label2\" content=\"Gesch\u00e4tzte Lesezeit\" \/>\n\t<meta name=\"twitter:data2\" content=\"1\u00a0Minute\" \/>\n<script type=\"application\/ld+json\" class=\"yoast-schema-graph\">{\"@context\":\"https:\/\/schema.org\",\"@graph\":[{\"@type\":\"WebPage\",\"@id\":\"https:\/\/www.differences-solidaires.ch\/de\/start-der-skisaison-steht-unmittelbar-bevor\/\",\"url\":\"https:\/\/www.differences-solidaires.ch\/de\/start-der-skisaison-steht-unmittelbar-bevor\/\",\"name\":\"Start der Skisaison steht unmittelbar bevor - Association Diff\u00e9rences Solidaires\",\"isPartOf\":{\"@id\":\"https:\/\/www.differences-solidaires.ch\/de\/#website\"},\"primaryImageOfPage\":{\"@id\":\"https:\/\/www.differences-solidaires.ch\/de\/start-der-skisaison-steht-unmittelbar-bevor\/#primaryimage\"},\"image\":{\"@id\":\"https:\/\/www.differences-solidaires.ch\/de\/start-der-skisaison-steht-unmittelbar-bevor\/#primaryimage\"},\"thumbnailUrl\":\"https:\/\/www.differences-solidaires.ch\/wp-content\/uploads\/2022\/10\/tetrask-_comblouxi-scaled.jpg\",\"datePublished\":\"2022-10-15T20:25:02+00:00\",\"author\":{\"@id\":\"https:\/\/www.differences-solidaires.ch\/de\/#\/schema\/person\/3dd6b528998276390000be851bd02cc7\"},\"breadcrumb\":{\"@id\":\"https:\/\/www.differences-solidaires.ch\/de\/start-der-skisaison-steht-unmittelbar-bevor\/#breadcrumb\"},\"inLanguage\":\"de\",\"potentialAction\":[{\"@type\":\"ReadAction\",\"target\":[\"https:\/\/www.differences-solidaires.ch\/de\/start-der-skisaison-steht-unmittelbar-bevor\/\"]}]},{\"@type\":\"ImageObject\",\"inLanguage\":\"de\",\"@id\":\"https:\/\/www.differences-solidaires.ch\/de\/start-der-skisaison-steht-unmittelbar-bevor\/#primaryimage\",\"url\":\"https:\/\/www.differences-solidaires.ch\/wp-content\/uploads\/2022\/10\/tetrask-_comblouxi-scaled.jpg\",\"contentUrl\":\"https:\/\/www.differences-solidaires.ch\/wp-content\/uploads\/2022\/10\/tetrask-_comblouxi-scaled.jpg\",\"width\":2560,\"height\":1920},{\"@type\":\"BreadcrumbList\",\"@id\":\"https:\/\/www.differences-solidaires.ch\/de\/start-der-skisaison-steht-unmittelbar-bevor\/#breadcrumb\",\"itemListElement\":[{\"@type\":\"ListItem\",\"position\":1,\"name\":\"Accueil\",\"item\":\"https:\/\/www.differences-solidaires.ch\/de\/\"},{\"@type\":\"ListItem\",\"position\":2,\"name\":\"Start der Skisaison steht unmittelbar bevor\"}]},{\"@type\":\"WebSite\",\"@id\":\"https:\/\/www.differences-solidaires.ch\/de\/#website\",\"url\":\"https:\/\/www.differences-solidaires.ch\/de\/\",\"name\":\"Association Diff\u00e9rences Solidaires\",\"description\":\"Activit\u00e9s sportives adapt\u00e9es\",\"potentialAction\":[{\"@type\":\"SearchAction\",\"target\":{\"@type\":\"EntryPoint\",\"urlTemplate\":\"https:\/\/www.differences-solidaires.ch\/de\/?s={search_term_string}\"},\"query-input\":{\"@type\":\"PropertyValueSpecification\",\"valueRequired\":true,\"valueName\":\"search_term_string\"}}],\"inLanguage\":\"de\"},{\"@type\":\"Person\",\"@id\":\"https:\/\/www.differences-solidaires.ch\/de\/#\/schema\/person\/3dd6b528998276390000be851bd02cc7\",\"name\":\"Alain Bigey\",\"url\":\"https:\/\/www.differences-solidaires.ch\/de\/author\/difsolmin\/\"}]}<\/script>\n<!-- \/ Yoast SEO plugin. -->","yoast_head_json":{"title":"Start der Skisaison steht unmittelbar bevor - Association Diff\u00e9rences Solidaires","robots":{"index":"index","follow":"follow","max-snippet":"max-snippet:-1","max-image-preview":"max-image-preview:large","max-video-preview":"max-video-preview:-1"},"canonical":"https:\/\/www.differences-solidaires.ch\/de\/start-der-skisaison-steht-unmittelbar-bevor\/","og_locale":"de_DE","og_type":"article","og_title":"Start der Skisaison steht unmittelbar bevor - Association Diff\u00e9rences Solidaires","og_description":"Es sind nur noch zwei Monate bis zum Start der Skisaison. Diff\u00e9rences Solidaires bereitet sich bereits auf das neue Winterabenteuer&hellip;","og_url":"https:\/\/www.differences-solidaires.ch\/de\/start-der-skisaison-steht-unmittelbar-bevor\/","og_site_name":"Association Diff\u00e9rences Solidaires","article_published_time":"2022-10-15T20:25:02+00:00","og_image":[{"width":2560,"height":1920,"url":"https:\/\/www.differences-solidaires.ch\/wp-content\/uploads\/2022\/10\/tetrask-_comblouxi-scaled.jpg","type":"image\/jpeg"}],"author":"Alain Bigey","twitter_card":"summary_large_image","twitter_misc":{"Verfasst von":"Alain Bigey","Gesch\u00e4tzte Lesezeit":"1\u00a0Minute"},"schema":{"@context":"https:\/\/schema.org","@graph":[{"@type":"WebPage","@id":"https:\/\/www.differences-solidaires.ch\/de\/start-der-skisaison-steht-unmittelbar-bevor\/","url":"https:\/\/www.differences-solidaires.ch\/de\/start-der-skisaison-steht-unmittelbar-bevor\/","name":"Start der Skisaison steht unmittelbar bevor - Association Diff\u00e9rences Solidaires","isPartOf":{"@id":"https:\/\/www.differences-solidaires.ch\/de\/#website"},"primaryImageOfPage":{"@id":"https:\/\/www.differences-solidaires.ch\/de\/start-der-skisaison-steht-unmittelbar-bevor\/#primaryimage"},"image":{"@id":"https:\/\/www.differences-solidaires.ch\/de\/start-der-skisaison-steht-unmittelbar-bevor\/#primaryimage"},"thumbnailUrl":"https:\/\/www.differences-solidaires.ch\/wp-content\/uploads\/2022\/10\/tetrask-_comblouxi-scaled.jpg","datePublished":"2022-10-15T20:25:02+00:00","author":{"@id":"https:\/\/www.differences-solidaires.ch\/de\/#\/schema\/person\/3dd6b528998276390000be851bd02cc7"},"breadcrumb":{"@id":"https:\/\/www.differences-solidaires.ch\/de\/start-der-skisaison-steht-unmittelbar-bevor\/#breadcrumb"},"inLanguage":"de","potentialAction":[{"@type":"ReadAction","target":["https:\/\/www.differences-solidaires.ch\/de\/start-der-skisaison-steht-unmittelbar-bevor\/"]}]},{"@type":"ImageObject","inLanguage":"de","@id":"https:\/\/www.differences-solidaires.ch\/de\/start-der-skisaison-steht-unmittelbar-bevor\/#primaryimage","url":"https:\/\/www.differences-solidaires.ch\/wp-content\/uploads\/2022\/10\/tetrask-_comblouxi-scaled.jpg","contentUrl":"https:\/\/www.differences-solidaires.ch\/wp-content\/uploads\/2022\/10\/tetrask-_comblouxi-scaled.jpg","width":2560,"height":1920},{"@type":"BreadcrumbList","@id":"https:\/\/www.differences-solidaires.ch\/de\/start-der-skisaison-steht-unmittelbar-bevor\/#breadcrumb","itemListElement":[{"@type":"ListItem","position":1,"name":"Accueil","item":"https:\/\/www.differences-solidaires.ch\/de\/"},{"@type":"ListItem","position":2,"name":"Start der Skisaison steht unmittelbar bevor"}]},{"@type":"WebSite","@id":"https:\/\/www.differences-solidaires.ch\/de\/#website","url":"https:\/\/www.differences-solidaires.ch\/de\/","name":"Association Diff\u00e9rences Solidaires","description":"Activit\u00e9s sportives adapt\u00e9es","potentialAction":[{"@type":"SearchAction","target":{"@type":"EntryPoint","urlTemplate":"https:\/\/www.differences-solidaires.ch\/de\/?s={search_term_string}"},"query-input":{"@type":"PropertyValueSpecification","valueRequired":true,"valueName":"search_term_string"}}],"inLanguage":"de"},{"@type":"Person","@id":"https:\/\/www.differences-solidaires.ch\/de\/#\/schema\/person\/3dd6b528998276390000be851bd02cc7","name":"Alain Bigey","url":"https:\/\/www.differences-solidaires.ch\/de\/author\/difsolmin\/"}]}},"_links":{"self":[{"href":"https:\/\/www.differences-solidaires.ch\/de\/wp-json\/wp\/v2\/posts\/6496","targetHints":{"allow":["GET"]}}],"collection":[{"href":"https:\/\/www.differences-solidaires.ch\/de\/wp-json\/wp\/v2\/posts"}],"about":[{"href":"https:\/\/www.differences-solidaires.ch\/de\/wp-json\/wp\/v2\/types\/post"}],"author":[{"embeddable":true,"href":"https:\/\/www.differences-solidaires.ch\/de\/wp-json\/wp\/v2\/users\/20"}],"replies":[{"embeddable":true,"href":"https:\/\/www.differences-solidaires.ch\/de\/wp-json\/wp\/v2\/comments?post=6496"}],"version-history":[{"count":1,"href":"https:\/\/www.differences-solidaires.ch\/de\/wp-json\/wp\/v2\/posts\/6496\/revisions"}],"predecessor-version":[{"id":6497,"href":"https:\/\/www.differences-solidaires.ch\/de\/wp-json\/wp\/v2\/posts\/6496\/revisions\/6497"}],"wp:featuredmedia":[{"embeddable":true,"href":"https:\/\/www.differences-solidaires.ch\/de\/wp-json\/wp\/v2\/media\/6490"}],"wp:attachment":[{"href":"https:\/\/www.differences-solidaires.ch\/de\/wp-json\/wp\/v2\/media?parent=6496"}],"wp:term":[{"taxonomy":"category","embeddable":true,"href":"https:\/\/www.differences-solidaires.ch\/de\/wp-json\/wp\/v2\/categories?post=6496"},{"taxonomy":"post_tag","embeddable":true,"href":"https:\/\/www.differences-solidaires.ch\/de\/wp-json\/wp\/v2\/tags?post=6496"}],"curies":[{"name":"wp","href":"https:\/\/api.w.org\/{rel}","templated":true}]}}