{"id":4536,"date":"2021-04-06T22:20:23","date_gmt":"2021-04-06T20:20:23","guid":{"rendered":"https:\/\/www.differences-solidaires.ch\/?p=4536"},"modified":"2021-04-06T22:20:23","modified_gmt":"2021-04-06T20:20:23","slug":"rund-um-baulmes","status":"publish","type":"post","link":"https:\/\/www.differences-solidaires.ch\/de\/rund-um-baulmes\/","title":{"rendered":"Rund um Baulmes"},"content":{"rendered":"<p>Kurzer, aber sch\u00f6ner Kurs, um das Fahren mit dem Quadrix Axcess zu lernen. Achten Sie darauf, dass Sie nicht den falschen Weg einschlagen.<\/p>\n<p><a href=\"https:\/\/map.schweizmobil.ch\/?lang=fr&amp;bgLayer=pk&amp;season=summer&amp;resolution=1.76&amp;E=2530931&amp;N=1182502&amp;photos=yes&amp;logo=yes&amp;trackId=5363902\" target=\"_blank\" rel=\"noopener\">+ Karte der Strecke<\/a><\/p>\n","protected":false},"excerpt":{"rendered":"<p>Kurzer, aber sch\u00f6ner Kurs, um das Fahren mit dem Quadrix Axcess zu lernen. Achten Sie darauf, dass Sie nicht den&hellip;<\/p>\n","protected":false},"author":20,"featured_media":2448,"comment_status":"closed","ping_status":"open","sticky":false,"template":"","format":"standard","meta":{"_acf_changed":false,"pgc_meta":"","footnotes":""},"categories":[245,265],"tags":[334,330,351],"class_list":["post-4536","post","type-post","status-publish","format-standard","has-post-thumbnail","hentry","category-quadrix-axcess-de","category-vaud-3-de","tag-quadrix-de","tag-routen","tag-vaud-de"],"acf":[],"yoast_head":"<!-- This site is optimized with the Yoast SEO plugin v24.5 - https:\/\/yoast.com\/wordpress\/plugins\/seo\/ -->\n<title>Rund um Baulmes - Association Diff\u00e9rences Solidaires<\/title>\n<meta name=\"robots\" content=\"index, follow, max-snippet:-1, max-image-preview:large, max-video-preview:-1\" \/>\n<link rel=\"canonical\" href=\"https:\/\/www.differences-solidaires.ch\/de\/rund-um-baulmes\/\" \/>\n<meta property=\"og:locale\" content=\"de_DE\" \/>\n<meta property=\"og:type\" content=\"article\" \/>\n<meta property=\"og:title\" content=\"Rund um Baulmes - Association Diff\u00e9rences Solidaires\" \/>\n<meta property=\"og:description\" content=\"Kurzer, aber sch\u00f6ner Kurs, um das Fahren mit dem Quadrix Axcess zu lernen. Achten Sie darauf, dass Sie nicht den&hellip;\" \/>\n<meta property=\"og:url\" content=\"https:\/\/www.differences-solidaires.ch\/de\/rund-um-baulmes\/\" \/>\n<meta property=\"og:site_name\" content=\"Association Diff\u00e9rences Solidaires\" \/>\n<meta property=\"article:published_time\" content=\"2021-04-06T20:20:23+00:00\" \/>\n<meta property=\"og:image\" content=\"https:\/\/www.differences-solidaires.ch\/wp-content\/uploads\/2018\/06\/beaulmes.jpg\" \/>\n\t<meta property=\"og:image:width\" content=\"2016\" \/>\n\t<meta property=\"og:image:height\" content=\"1512\" \/>\n\t<meta property=\"og:image:type\" content=\"image\/jpeg\" \/>\n<meta name=\"author\" content=\"Alain Bigey\" \/>\n<meta name=\"twitter:card\" content=\"summary_large_image\" \/>\n<meta name=\"twitter:label1\" content=\"Verfasst von\" \/>\n\t<meta name=\"twitter:data1\" content=\"Alain Bigey\" \/>\n\t<meta name=\"twitter:label2\" content=\"Gesch\u00e4tzte Lesezeit\" \/>\n\t<meta name=\"twitter:data2\" content=\"1\u00a0Minute\" \/>\n<script type=\"application\/ld+json\" class=\"yoast-schema-graph\">{\"@context\":\"https:\/\/schema.org\",\"@graph\":[{\"@type\":\"WebPage\",\"@id\":\"https:\/\/www.differences-solidaires.ch\/de\/rund-um-baulmes\/\",\"url\":\"https:\/\/www.differences-solidaires.ch\/de\/rund-um-baulmes\/\",\"name\":\"Rund um Baulmes - Association Diff\u00e9rences Solidaires\",\"isPartOf\":{\"@id\":\"https:\/\/www.differences-solidaires.ch\/de\/#website\"},\"primaryImageOfPage\":{\"@id\":\"https:\/\/www.differences-solidaires.ch\/de\/rund-um-baulmes\/#primaryimage\"},\"image\":{\"@id\":\"https:\/\/www.differences-solidaires.ch\/de\/rund-um-baulmes\/#primaryimage\"},\"thumbnailUrl\":\"https:\/\/www.differences-solidaires.ch\/wp-content\/uploads\/2018\/06\/beaulmes.jpg\",\"datePublished\":\"2021-04-06T20:20:23+00:00\",\"author\":{\"@id\":\"https:\/\/www.differences-solidaires.ch\/de\/#\/schema\/person\/3dd6b528998276390000be851bd02cc7\"},\"breadcrumb\":{\"@id\":\"https:\/\/www.differences-solidaires.ch\/de\/rund-um-baulmes\/#breadcrumb\"},\"inLanguage\":\"de\",\"potentialAction\":[{\"@type\":\"ReadAction\",\"target\":[\"https:\/\/www.differences-solidaires.ch\/de\/rund-um-baulmes\/\"]}]},{\"@type\":\"ImageObject\",\"inLanguage\":\"de\",\"@id\":\"https:\/\/www.differences-solidaires.ch\/de\/rund-um-baulmes\/#primaryimage\",\"url\":\"https:\/\/www.differences-solidaires.ch\/wp-content\/uploads\/2018\/06\/beaulmes.jpg\",\"contentUrl\":\"https:\/\/www.differences-solidaires.ch\/wp-content\/uploads\/2018\/06\/beaulmes.jpg\",\"width\":2016,\"height\":1512},{\"@type\":\"BreadcrumbList\",\"@id\":\"https:\/\/www.differences-solidaires.ch\/de\/rund-um-baulmes\/#breadcrumb\",\"itemListElement\":[{\"@type\":\"ListItem\",\"position\":1,\"name\":\"Accueil\",\"item\":\"https:\/\/www.differences-solidaires.ch\/de\/\"},{\"@type\":\"ListItem\",\"position\":2,\"name\":\"Rund um Baulmes\"}]},{\"@type\":\"WebSite\",\"@id\":\"https:\/\/www.differences-solidaires.ch\/de\/#website\",\"url\":\"https:\/\/www.differences-solidaires.ch\/de\/\",\"name\":\"Association Diff\u00e9rences Solidaires\",\"description\":\"Activit\u00e9s sportives adapt\u00e9es\",\"potentialAction\":[{\"@type\":\"SearchAction\",\"target\":{\"@type\":\"EntryPoint\",\"urlTemplate\":\"https:\/\/www.differences-solidaires.ch\/de\/?s={search_term_string}\"},\"query-input\":{\"@type\":\"PropertyValueSpecification\",\"valueRequired\":true,\"valueName\":\"search_term_string\"}}],\"inLanguage\":\"de\"},{\"@type\":\"Person\",\"@id\":\"https:\/\/www.differences-solidaires.ch\/de\/#\/schema\/person\/3dd6b528998276390000be851bd02cc7\",\"name\":\"Alain Bigey\",\"url\":\"https:\/\/www.differences-solidaires.ch\/de\/author\/difsolmin\/\"}]}<\/script>\n<!-- \/ Yoast SEO plugin. -->","yoast_head_json":{"title":"Rund um Baulmes - Association Diff\u00e9rences Solidaires","robots":{"index":"index","follow":"follow","max-snippet":"max-snippet:-1","max-image-preview":"max-image-preview:large","max-video-preview":"max-video-preview:-1"},"canonical":"https:\/\/www.differences-solidaires.ch\/de\/rund-um-baulmes\/","og_locale":"de_DE","og_type":"article","og_title":"Rund um Baulmes - Association Diff\u00e9rences Solidaires","og_description":"Kurzer, aber sch\u00f6ner Kurs, um das Fahren mit dem Quadrix Axcess zu lernen. Achten Sie darauf, dass Sie nicht den&hellip;","og_url":"https:\/\/www.differences-solidaires.ch\/de\/rund-um-baulmes\/","og_site_name":"Association Diff\u00e9rences Solidaires","article_published_time":"2021-04-06T20:20:23+00:00","og_image":[{"width":2016,"height":1512,"url":"https:\/\/www.differences-solidaires.ch\/wp-content\/uploads\/2018\/06\/beaulmes.jpg","type":"image\/jpeg"}],"author":"Alain Bigey","twitter_card":"summary_large_image","twitter_misc":{"Verfasst von":"Alain Bigey","Gesch\u00e4tzte Lesezeit":"1\u00a0Minute"},"schema":{"@context":"https:\/\/schema.org","@graph":[{"@type":"WebPage","@id":"https:\/\/www.differences-solidaires.ch\/de\/rund-um-baulmes\/","url":"https:\/\/www.differences-solidaires.ch\/de\/rund-um-baulmes\/","name":"Rund um Baulmes - Association Diff\u00e9rences Solidaires","isPartOf":{"@id":"https:\/\/www.differences-solidaires.ch\/de\/#website"},"primaryImageOfPage":{"@id":"https:\/\/www.differences-solidaires.ch\/de\/rund-um-baulmes\/#primaryimage"},"image":{"@id":"https:\/\/www.differences-solidaires.ch\/de\/rund-um-baulmes\/#primaryimage"},"thumbnailUrl":"https:\/\/www.differences-solidaires.ch\/wp-content\/uploads\/2018\/06\/beaulmes.jpg","datePublished":"2021-04-06T20:20:23+00:00","author":{"@id":"https:\/\/www.differences-solidaires.ch\/de\/#\/schema\/person\/3dd6b528998276390000be851bd02cc7"},"breadcrumb":{"@id":"https:\/\/www.differences-solidaires.ch\/de\/rund-um-baulmes\/#breadcrumb"},"inLanguage":"de","potentialAction":[{"@type":"ReadAction","target":["https:\/\/www.differences-solidaires.ch\/de\/rund-um-baulmes\/"]}]},{"@type":"ImageObject","inLanguage":"de","@id":"https:\/\/www.differences-solidaires.ch\/de\/rund-um-baulmes\/#primaryimage","url":"https:\/\/www.differences-solidaires.ch\/wp-content\/uploads\/2018\/06\/beaulmes.jpg","contentUrl":"https:\/\/www.differences-solidaires.ch\/wp-content\/uploads\/2018\/06\/beaulmes.jpg","width":2016,"height":1512},{"@type":"BreadcrumbList","@id":"https:\/\/www.differences-solidaires.ch\/de\/rund-um-baulmes\/#breadcrumb","itemListElement":[{"@type":"ListItem","position":1,"name":"Accueil","item":"https:\/\/www.differences-solidaires.ch\/de\/"},{"@type":"ListItem","position":2,"name":"Rund um Baulmes"}]},{"@type":"WebSite","@id":"https:\/\/www.differences-solidaires.ch\/de\/#website","url":"https:\/\/www.differences-solidaires.ch\/de\/","name":"Association Diff\u00e9rences Solidaires","description":"Activit\u00e9s sportives adapt\u00e9es","potentialAction":[{"@type":"SearchAction","target":{"@type":"EntryPoint","urlTemplate":"https:\/\/www.differences-solidaires.ch\/de\/?s={search_term_string}"},"query-input":{"@type":"PropertyValueSpecification","valueRequired":true,"valueName":"search_term_string"}}],"inLanguage":"de"},{"@type":"Person","@id":"https:\/\/www.differences-solidaires.ch\/de\/#\/schema\/person\/3dd6b528998276390000be851bd02cc7","name":"Alain Bigey","url":"https:\/\/www.differences-solidaires.ch\/de\/author\/difsolmin\/"}]}},"_links":{"self":[{"href":"https:\/\/www.differences-solidaires.ch\/de\/wp-json\/wp\/v2\/posts\/4536","targetHints":{"allow":["GET"]}}],"collection":[{"href":"https:\/\/www.differences-solidaires.ch\/de\/wp-json\/wp\/v2\/posts"}],"about":[{"href":"https:\/\/www.differences-solidaires.ch\/de\/wp-json\/wp\/v2\/types\/post"}],"author":[{"embeddable":true,"href":"https:\/\/www.differences-solidaires.ch\/de\/wp-json\/wp\/v2\/users\/20"}],"replies":[{"embeddable":true,"href":"https:\/\/www.differences-solidaires.ch\/de\/wp-json\/wp\/v2\/comments?post=4536"}],"version-history":[{"count":1,"href":"https:\/\/www.differences-solidaires.ch\/de\/wp-json\/wp\/v2\/posts\/4536\/revisions"}],"predecessor-version":[{"id":4538,"href":"https:\/\/www.differences-solidaires.ch\/de\/wp-json\/wp\/v2\/posts\/4536\/revisions\/4538"}],"wp:featuredmedia":[{"embeddable":true,"href":"https:\/\/www.differences-solidaires.ch\/de\/wp-json\/wp\/v2\/media\/2448"}],"wp:attachment":[{"href":"https:\/\/www.differences-solidaires.ch\/de\/wp-json\/wp\/v2\/media?parent=4536"}],"wp:term":[{"taxonomy":"category","embeddable":true,"href":"https:\/\/www.differences-solidaires.ch\/de\/wp-json\/wp\/v2\/categories?post=4536"},{"taxonomy":"post_tag","embeddable":true,"href":"https:\/\/www.differences-solidaires.ch\/de\/wp-json\/wp\/v2\/tags?post=4536"}],"curies":[{"name":"wp","href":"https:\/\/api.w.org\/{rel}","templated":true}]}}